{"id":640,"date":"2019-07-18T09:51:32","date_gmt":"2019-07-18T09:51:32","guid":{"rendered":"https:\/\/europar1.codetec.pt\/?p=640"},"modified":"2023-07-29T09:52:43","modified_gmt":"2023-07-29T09:52:43","slug":"mcdonalds-abre-primeiro-restaurante-no-concelho-de-vila-real-de-santo-antonio","status":"publish","type":"post","link":"https:\/\/europar.pt\/en\/mcdonalds-abre-primeiro-restaurante-no-concelho-de-vila-real-de-santo-antonio\/","title":{"rendered":"McDonald&#8217;s abre primeiro Restaurante no Concelho de Vila Real de Santo Ant\u00f3nio"},"content":{"rendered":"<p class=\"has-drop-cap\"><strong>A McDonald\u00b4s chega a Vila Real de Santo Ant\u00f3nio hoje, dia 18 de julho<\/strong>, com a inaugura\u00e7\u00e3o do primeiro restaurante do concelho. A abertura do novo McDonald\u2019s Vila Real de Santo Ant\u00f3nio, com servi\u00e7os McDrive\u00ae e  McCaf\u00e9\u00ae, refor\u00e7a a aposta da marca no Algarve (agora com 12 restaurantes) e, em Portugal, com um total de 170 restaurantes.<\/p>\n\n\n\n<p>Localizado na Avenida Fernando Salgueiro Maia, o novo Restaurante McDonald\u2019s Vila Real de Santo Ant\u00f3nio \u00e9 composto por 101 lugares no interior, 108 na esplanada e conta ainda com 26 lugares de estacionamento, servi\u00e7o McDrive e McCaf\u00e9.<\/p>\n\n\n\n<p>O espa\u00e7o tem uma decora\u00e7\u00e3o inovadora que  refor\u00e7a o sabor e a frescura dos produtos da marca, incluindo as mais  recentes tecnologias dispon\u00edveis ao servi\u00e7o dos consumidores,  nomeadamente, quiosques multim\u00e9dia que permitem realizar e pagar o  pedido, autonomamente, levantando-o numa \u00e1rea espec\u00edfica para o efeito,  tablets para consulta \u00e0 Internet e acesso a jogos did\u00e1ticos, menuboard  digital, carregadores de indu\u00e7\u00e3o e tomadas USB para recarga de  equipamentos eletr\u00f3nicos, al\u00e9m do servi\u00e7o \u00e0 mesa. No exterior, o restaurante conta ainda com uma \u00e1rea dedicada aos mais novos onde podem brincar e divertir-se.<\/p>\n\n\n\n<p>Gerido por Joaquim Jorge, franquiado da McDonald\u2019s h\u00e1 20 anos e respons\u00e1vel por seis restaurantes da marca no Algarve &#8211; Faro Docas, F\u00f3rum Algarve, Loul\u00e9, Loul\u00e9 Mar Shopping, Olh\u00e3o e Vilamoura -, o novo espa\u00e7o vem apoiar e refor\u00e7ar a estrutura de emprego local da regi\u00e3o com a contrata\u00e7\u00e3o de 70 novos colaboradores.<\/p>\n\n\n\n<p>Com este restaurante, a McDonald\u2019s pretende continuar a corresponder \u00e0s expetativas dos consumidores, sempre com o compromisso de proporcionar, diariamente, a melhor experi\u00eancia de restaura\u00e7\u00e3o de servi\u00e7o r\u00e1pido. Uma experi\u00eancia que \u00e9 feita atrav\u00e9s de uma oferta diversificada de produtos da mais elevada qualidade, confecionados segundo rigorosos procedimentos de seguran\u00e7a alimentar e da presta\u00e7\u00e3o de um servi\u00e7o simp\u00e1tico e eficiente.<\/p>\n\n\n\n<p><strong>Declara\u00e7\u00f5es de Joaquim Jorge, franquiado da McDonald\u2019s Portugal:<\/strong><\/p>\n\n\n\n<p>\u201c\u00c9 com bastante entusiasmo e renovado orgulho que inauguro o primeiro restaurante McDonald\u2019s no concelho e na cidade de Vila Real de Santo Ant\u00f3nio, no ano em que assinalo 20 anos como franquiado da McDonald\u2019s. N\u00e3o podia haver melhor forma de assinalar este marco na minha carreira. Esta abertura, para al\u00e9m de consolidar a posi\u00e7\u00e3o da nossa marca na regi\u00e3o do Algarve, agora com 12 restaurantes, e no pa\u00eds \u2013 \u00e9 o 170.\u00ba restaurante McDonald\u2019s em Portugal &#8211; permite tamb\u00e9m a cria\u00e7\u00e3o de 70 novos postos de trabalho.<\/p>\n\n\n\n<p>A equipa do novo McDonald\u2019s Vila Real de Santo Ant\u00f3nio est\u00e1 entusiasmada e empenhada em prestar um servi\u00e7o simp\u00e1tico e eficiente a todos os habitantes e turistas desta regi\u00e3o.  Contamos com a vossa visita!\u201d.<\/p>\n\n\n\n<p>Fonte: <a rel=\"noreferrer noopener\" aria-label=\"https:\/\/maisalgarve.pt\/noticias\/regionais\/16954-mcdonald-s-abre-primeiro-restaurante-no-concelho-de-vila-real-de-santo-antonio (abre numa nova aba)\" href=\"https:\/\/maisalgarve.pt\/noticias\/regionais\/16954-mcdonald-s-abre-primeiro-restaurante-no-concelho-de-vila-real-de-santo-antonio\" target=\"_blank\"><strong>Mais Algarve<\/strong><\/a><\/p>","protected":false},"excerpt":{"rendered":"<p>A McDonald\u00b4s chega a Vila Real de Santo Ant\u00f3nio hoje, dia 18 de julho, com a inaugura\u00e7\u00e3o do primeiro restaurante do concelho. A abertura do novo McDonald\u2019s Vila Real de Santo Ant\u00f3nio, com servi\u00e7os McDrive\u00ae e McCaf\u00e9\u00ae, refor\u00e7a a aposta da marca no Algarve (agora com 12 restaurantes) e, em Portugal, com um total de [&hellip;]<\/p>","protected":false},"author":3,"featured_media":642,"comment_status":"closed","ping_status":"closed","sticky":false,"template":"","format":"standard","meta":{"footnotes":""},"categories":[1],"tags":[],"class_list":["post-640","post","type-post","status-publish","format-standard","has-post-thumbnail","hentry","category-sem-categoria"],"yoast_head":"<!-- This site is optimized with the Yoast SEO plugin v26.9 - https:\/\/yoast.com\/product\/yoast-seo-wordpress\/ -->\n<title>McDonald&#039;s abre primeiro Restaurante no Concelho de Vila Real de Santo Ant\u00f3nio - Europar Investimentos &amp; Participa\u00e7\u00f5es<\/title>\n<meta name=\"robots\" content=\"index, follow, max-snippet:-1, max-image-preview:large, max-video-preview:-1\" \/>\n<link rel=\"canonical\" href=\"https:\/\/europar.pt\/en\/mcdonalds-abre-primeiro-restaurante-no-concelho-de-vila-real-de-santo-antonio\/\" \/>\n<meta property=\"og:locale\" content=\"en_US\" \/>\n<meta property=\"og:type\" content=\"article\" \/>\n<meta property=\"og:title\" content=\"McDonald&#039;s abre primeiro Restaurante no Concelho de Vila Real de Santo Ant\u00f3nio - Europar Investimentos &amp; Participa\u00e7\u00f5es\" \/>\n<meta property=\"og:description\" content=\"A McDonald\u00b4s chega a Vila Real de Santo Ant\u00f3nio hoje, dia 18 de julho, com a inaugura\u00e7\u00e3o do primeiro restaurante do concelho. A abertura do novo McDonald\u2019s Vila Real de Santo Ant\u00f3nio, com servi\u00e7os McDrive\u00ae e McCaf\u00e9\u00ae, refor\u00e7a a aposta da marca no Algarve (agora com 12 restaurantes) e, em Portugal, com um total de [&hellip;]\" \/>\n<meta property=\"og:url\" content=\"https:\/\/europar.pt\/en\/mcdonalds-abre-primeiro-restaurante-no-concelho-de-vila-real-de-santo-antonio\/\" \/>\n<meta property=\"og:site_name\" content=\"Europar Investimentos &amp; Participa\u00e7\u00f5es\" \/>\n<meta property=\"article:publisher\" content=\"https:\/\/www.facebook.com\/europarinvestimentos\/\" \/>\n<meta property=\"article:published_time\" content=\"2019-07-18T09:51:32+00:00\" \/>\n<meta property=\"article:modified_time\" content=\"2023-07-29T09:52:43+00:00\" \/>\n<meta property=\"og:image\" content=\"https:\/\/europar.pt\/wp-content\/uploads\/2023\/07\/Art_11.jpg\" \/>\n\t<meta property=\"og:image:width\" content=\"1280\" \/>\n\t<meta property=\"og:image:height\" content=\"960\" \/>\n\t<meta property=\"og:image:type\" content=\"image\/jpeg\" \/>\n<meta name=\"author\" content=\"europar\" \/>\n<meta name=\"twitter:card\" content=\"summary_large_image\" \/>\n<meta name=\"twitter:label1\" content=\"Written by\" \/>\n\t<meta name=\"twitter:data1\" content=\"europar\" \/>\n\t<meta name=\"twitter:label2\" content=\"Est. reading time\" \/>\n\t<meta name=\"twitter:data2\" content=\"2 minutes\" \/>\n<script type=\"application\/ld+json\" class=\"yoast-schema-graph\">{\"@context\":\"https:\/\/schema.org\",\"@graph\":[{\"@type\":\"Article\",\"@id\":\"https:\/\/europar.pt\/mcdonalds-abre-primeiro-restaurante-no-concelho-de-vila-real-de-santo-antonio\/#article\",\"isPartOf\":{\"@id\":\"https:\/\/europar.pt\/mcdonalds-abre-primeiro-restaurante-no-concelho-de-vila-real-de-santo-antonio\/\"},\"author\":{\"name\":\"europar\",\"@id\":\"https:\/\/europar.pt\/#\/schema\/person\/d2e353b95e9bc8d374eac1a11da15470\"},\"headline\":\"McDonald&#8217;s abre primeiro Restaurante no Concelho de Vila Real de Santo Ant\u00f3nio\",\"datePublished\":\"2019-07-18T09:51:32+00:00\",\"dateModified\":\"2023-07-29T09:52:43+00:00\",\"mainEntityOfPage\":{\"@id\":\"https:\/\/europar.pt\/mcdonalds-abre-primeiro-restaurante-no-concelho-de-vila-real-de-santo-antonio\/\"},\"wordCount\":485,\"publisher\":{\"@id\":\"https:\/\/europar.pt\/#organization\"},\"image\":{\"@id\":\"https:\/\/europar.pt\/mcdonalds-abre-primeiro-restaurante-no-concelho-de-vila-real-de-santo-antonio\/#primaryimage\"},\"thumbnailUrl\":\"https:\/\/europar.pt\/wp-content\/uploads\/2023\/07\/Art_11.jpg\",\"articleSection\":[\"Sem categoria\"],\"inLanguage\":\"en-US\"},{\"@type\":\"WebPage\",\"@id\":\"https:\/\/europar.pt\/mcdonalds-abre-primeiro-restaurante-no-concelho-de-vila-real-de-santo-antonio\/\",\"url\":\"https:\/\/europar.pt\/mcdonalds-abre-primeiro-restaurante-no-concelho-de-vila-real-de-santo-antonio\/\",\"name\":\"McDonald's abre primeiro Restaurante no Concelho de Vila Real de Santo Ant\u00f3nio - Europar Investimentos &amp; Participa\u00e7\u00f5es\",\"isPartOf\":{\"@id\":\"https:\/\/europar.pt\/#website\"},\"primaryImageOfPage\":{\"@id\":\"https:\/\/europar.pt\/mcdonalds-abre-primeiro-restaurante-no-concelho-de-vila-real-de-santo-antonio\/#primaryimage\"},\"image\":{\"@id\":\"https:\/\/europar.pt\/mcdonalds-abre-primeiro-restaurante-no-concelho-de-vila-real-de-santo-antonio\/#primaryimage\"},\"thumbnailUrl\":\"https:\/\/europar.pt\/wp-content\/uploads\/2023\/07\/Art_11.jpg\",\"datePublished\":\"2019-07-18T09:51:32+00:00\",\"dateModified\":\"2023-07-29T09:52:43+00:00\",\"breadcrumb\":{\"@id\":\"https:\/\/europar.pt\/mcdonalds-abre-primeiro-restaurante-no-concelho-de-vila-real-de-santo-antonio\/#breadcrumb\"},\"inLanguage\":\"en-US\",\"potentialAction\":[{\"@type\":\"ReadAction\",\"target\":[\"https:\/\/europar.pt\/mcdonalds-abre-primeiro-restaurante-no-concelho-de-vila-real-de-santo-antonio\/\"]}]},{\"@type\":\"ImageObject\",\"inLanguage\":\"en-US\",\"@id\":\"https:\/\/europar.pt\/mcdonalds-abre-primeiro-restaurante-no-concelho-de-vila-real-de-santo-antonio\/#primaryimage\",\"url\":\"https:\/\/europar.pt\/wp-content\/uploads\/2023\/07\/Art_11.jpg\",\"contentUrl\":\"https:\/\/europar.pt\/wp-content\/uploads\/2023\/07\/Art_11.jpg\",\"width\":1280,\"height\":960},{\"@type\":\"BreadcrumbList\",\"@id\":\"https:\/\/europar.pt\/mcdonalds-abre-primeiro-restaurante-no-concelho-de-vila-real-de-santo-antonio\/#breadcrumb\",\"itemListElement\":[{\"@type\":\"ListItem\",\"position\":1,\"name\":\"In\u00edcio\",\"item\":\"https:\/\/europar.pt\/\"},{\"@type\":\"ListItem\",\"position\":2,\"name\":\"McDonald&#8217;s abre primeiro Restaurante no Concelho de Vila Real de Santo Ant\u00f3nio\"}]},{\"@type\":\"WebSite\",\"@id\":\"https:\/\/europar.pt\/#website\",\"url\":\"https:\/\/europar.pt\/\",\"name\":\"Europar Investimentos &amp; Participa\u00e7\u00f5es\",\"description\":\"Oportunidades de neg\u00f3cios na Europa\",\"publisher\":{\"@id\":\"https:\/\/europar.pt\/#organization\"},\"potentialAction\":[{\"@type\":\"SearchAction\",\"target\":{\"@type\":\"EntryPoint\",\"urlTemplate\":\"https:\/\/europar.pt\/?s={search_term_string}\"},\"query-input\":{\"@type\":\"PropertyValueSpecification\",\"valueRequired\":true,\"valueName\":\"search_term_string\"}}],\"inLanguage\":\"en-US\"},{\"@type\":\"Organization\",\"@id\":\"https:\/\/europar.pt\/#organization\",\"name\":\"Europar\",\"alternateName\":\"Europar\",\"url\":\"https:\/\/europar.pt\/\",\"logo\":{\"@type\":\"ImageObject\",\"inLanguage\":\"en-US\",\"@id\":\"https:\/\/europar.pt\/#\/schema\/logo\/image\/\",\"url\":\"https:\/\/europar.pt\/wp-content\/uploads\/2023\/07\/cropped-Logomarca-png.png\",\"contentUrl\":\"https:\/\/europar.pt\/wp-content\/uploads\/2023\/07\/cropped-Logomarca-png.png\",\"width\":3787,\"height\":1211,\"caption\":\"Europar\"},\"image\":{\"@id\":\"https:\/\/europar.pt\/#\/schema\/logo\/image\/\"},\"sameAs\":[\"https:\/\/www.facebook.com\/europarinvestimentos\/\",\"https:\/\/pt.linkedin.com\/company\/europar-investimentos\"]},{\"@type\":\"Person\",\"@id\":\"https:\/\/europar.pt\/#\/schema\/person\/d2e353b95e9bc8d374eac1a11da15470\",\"name\":\"europar\",\"image\":{\"@type\":\"ImageObject\",\"inLanguage\":\"en-US\",\"@id\":\"https:\/\/europar.pt\/#\/schema\/person\/image\/\",\"url\":\"https:\/\/secure.gravatar.com\/avatar\/1928bc69ba1dcb96c5ec541c9243175cf4b9b8b03abac4f4b28e03efcedb543e?s=96&d=mm&r=g\",\"contentUrl\":\"https:\/\/secure.gravatar.com\/avatar\/1928bc69ba1dcb96c5ec541c9243175cf4b9b8b03abac4f4b28e03efcedb543e?s=96&d=mm&r=g\",\"caption\":\"europar\"},\"url\":\"https:\/\/europar.pt\/en\/author\/europar\/\"}]}<\/script>\n<!-- \/ Yoast SEO plugin. -->","yoast_head_json":{"title":"McDonald's abre primeiro Restaurante no Concelho de Vila Real de Santo Ant\u00f3nio - Europar Investimentos &amp; Participa\u00e7\u00f5es","robots":{"index":"index","follow":"follow","max-snippet":"max-snippet:-1","max-image-preview":"max-image-preview:large","max-video-preview":"max-video-preview:-1"},"canonical":"https:\/\/europar.pt\/en\/mcdonalds-abre-primeiro-restaurante-no-concelho-de-vila-real-de-santo-antonio\/","og_locale":"en_US","og_type":"article","og_title":"McDonald's abre primeiro Restaurante no Concelho de Vila Real de Santo Ant\u00f3nio - Europar Investimentos &amp; Participa\u00e7\u00f5es","og_description":"A McDonald\u00b4s chega a Vila Real de Santo Ant\u00f3nio hoje, dia 18 de julho, com a inaugura\u00e7\u00e3o do primeiro restaurante do concelho. A abertura do novo McDonald\u2019s Vila Real de Santo Ant\u00f3nio, com servi\u00e7os McDrive\u00ae e McCaf\u00e9\u00ae, refor\u00e7a a aposta da marca no Algarve (agora com 12 restaurantes) e, em Portugal, com um total de [&hellip;]","og_url":"https:\/\/europar.pt\/en\/mcdonalds-abre-primeiro-restaurante-no-concelho-de-vila-real-de-santo-antonio\/","og_site_name":"Europar Investimentos &amp; Participa\u00e7\u00f5es","article_publisher":"https:\/\/www.facebook.com\/europarinvestimentos\/","article_published_time":"2019-07-18T09:51:32+00:00","article_modified_time":"2023-07-29T09:52:43+00:00","og_image":[{"width":1280,"height":960,"url":"https:\/\/europar.pt\/wp-content\/uploads\/2023\/07\/Art_11.jpg","type":"image\/jpeg"}],"author":"europar","twitter_card":"summary_large_image","twitter_misc":{"Written by":"europar","Est. reading time":"2 minutes"},"schema":{"@context":"https:\/\/schema.org","@graph":[{"@type":"Article","@id":"https:\/\/europar.pt\/mcdonalds-abre-primeiro-restaurante-no-concelho-de-vila-real-de-santo-antonio\/#article","isPartOf":{"@id":"https:\/\/europar.pt\/mcdonalds-abre-primeiro-restaurante-no-concelho-de-vila-real-de-santo-antonio\/"},"author":{"name":"europar","@id":"https:\/\/europar.pt\/#\/schema\/person\/d2e353b95e9bc8d374eac1a11da15470"},"headline":"McDonald&#8217;s abre primeiro Restaurante no Concelho de Vila Real de Santo Ant\u00f3nio","datePublished":"2019-07-18T09:51:32+00:00","dateModified":"2023-07-29T09:52:43+00:00","mainEntityOfPage":{"@id":"https:\/\/europar.pt\/mcdonalds-abre-primeiro-restaurante-no-concelho-de-vila-real-de-santo-antonio\/"},"wordCount":485,"publisher":{"@id":"https:\/\/europar.pt\/#organization"},"image":{"@id":"https:\/\/europar.pt\/mcdonalds-abre-primeiro-restaurante-no-concelho-de-vila-real-de-santo-antonio\/#primaryimage"},"thumbnailUrl":"https:\/\/europar.pt\/wp-content\/uploads\/2023\/07\/Art_11.jpg","articleSection":["Sem categoria"],"inLanguage":"en-US"},{"@type":"WebPage","@id":"https:\/\/europar.pt\/mcdonalds-abre-primeiro-restaurante-no-concelho-de-vila-real-de-santo-antonio\/","url":"https:\/\/europar.pt\/mcdonalds-abre-primeiro-restaurante-no-concelho-de-vila-real-de-santo-antonio\/","name":"McDonald's abre primeiro Restaurante no Concelho de Vila Real de Santo Ant\u00f3nio - Europar Investimentos &amp; Participa\u00e7\u00f5es","isPartOf":{"@id":"https:\/\/europar.pt\/#website"},"primaryImageOfPage":{"@id":"https:\/\/europar.pt\/mcdonalds-abre-primeiro-restaurante-no-concelho-de-vila-real-de-santo-antonio\/#primaryimage"},"image":{"@id":"https:\/\/europar.pt\/mcdonalds-abre-primeiro-restaurante-no-concelho-de-vila-real-de-santo-antonio\/#primaryimage"},"thumbnailUrl":"https:\/\/europar.pt\/wp-content\/uploads\/2023\/07\/Art_11.jpg","datePublished":"2019-07-18T09:51:32+00:00","dateModified":"2023-07-29T09:52:43+00:00","breadcrumb":{"@id":"https:\/\/europar.pt\/mcdonalds-abre-primeiro-restaurante-no-concelho-de-vila-real-de-santo-antonio\/#breadcrumb"},"inLanguage":"en-US","potentialAction":[{"@type":"ReadAction","target":["https:\/\/europar.pt\/mcdonalds-abre-primeiro-restaurante-no-concelho-de-vila-real-de-santo-antonio\/"]}]},{"@type":"ImageObject","inLanguage":"en-US","@id":"https:\/\/europar.pt\/mcdonalds-abre-primeiro-restaurante-no-concelho-de-vila-real-de-santo-antonio\/#primaryimage","url":"https:\/\/europar.pt\/wp-content\/uploads\/2023\/07\/Art_11.jpg","contentUrl":"https:\/\/europar.pt\/wp-content\/uploads\/2023\/07\/Art_11.jpg","width":1280,"height":960},{"@type":"BreadcrumbList","@id":"https:\/\/europar.pt\/mcdonalds-abre-primeiro-restaurante-no-concelho-de-vila-real-de-santo-antonio\/#breadcrumb","itemListElement":[{"@type":"ListItem","position":1,"name":"In\u00edcio","item":"https:\/\/europar.pt\/"},{"@type":"ListItem","position":2,"name":"McDonald&#8217;s abre primeiro Restaurante no Concelho de Vila Real de Santo Ant\u00f3nio"}]},{"@type":"WebSite","@id":"https:\/\/europar.pt\/#website","url":"https:\/\/europar.pt\/","name":"Europar Investimentos &amp; Participa\u00e7\u00f5es","description":"Oportunidades de neg\u00f3cios na Europa","publisher":{"@id":"https:\/\/europar.pt\/#organization"},"potentialAction":[{"@type":"SearchAction","target":{"@type":"EntryPoint","urlTemplate":"https:\/\/europar.pt\/?s={search_term_string}"},"query-input":{"@type":"PropertyValueSpecification","valueRequired":true,"valueName":"search_term_string"}}],"inLanguage":"en-US"},{"@type":"Organization","@id":"https:\/\/europar.pt\/#organization","name":"Europar","alternateName":"Europar","url":"https:\/\/europar.pt\/","logo":{"@type":"ImageObject","inLanguage":"en-US","@id":"https:\/\/europar.pt\/#\/schema\/logo\/image\/","url":"https:\/\/europar.pt\/wp-content\/uploads\/2023\/07\/cropped-Logomarca-png.png","contentUrl":"https:\/\/europar.pt\/wp-content\/uploads\/2023\/07\/cropped-Logomarca-png.png","width":3787,"height":1211,"caption":"Europar"},"image":{"@id":"https:\/\/europar.pt\/#\/schema\/logo\/image\/"},"sameAs":["https:\/\/www.facebook.com\/europarinvestimentos\/","https:\/\/pt.linkedin.com\/company\/europar-investimentos"]},{"@type":"Person","@id":"https:\/\/europar.pt\/#\/schema\/person\/d2e353b95e9bc8d374eac1a11da15470","name":"europar","image":{"@type":"ImageObject","inLanguage":"en-US","@id":"https:\/\/europar.pt\/#\/schema\/person\/image\/","url":"https:\/\/secure.gravatar.com\/avatar\/1928bc69ba1dcb96c5ec541c9243175cf4b9b8b03abac4f4b28e03efcedb543e?s=96&d=mm&r=g","contentUrl":"https:\/\/secure.gravatar.com\/avatar\/1928bc69ba1dcb96c5ec541c9243175cf4b9b8b03abac4f4b28e03efcedb543e?s=96&d=mm&r=g","caption":"europar"},"url":"https:\/\/europar.pt\/en\/author\/europar\/"}]}},"_links":{"self":[{"href":"https:\/\/europar.pt\/en\/wp-json\/wp\/v2\/posts\/640","targetHints":{"allow":["GET"]}}],"collection":[{"href":"https:\/\/europar.pt\/en\/wp-json\/wp\/v2\/posts"}],"about":[{"href":"https:\/\/europar.pt\/en\/wp-json\/wp\/v2\/types\/post"}],"author":[{"embeddable":true,"href":"https:\/\/europar.pt\/en\/wp-json\/wp\/v2\/users\/3"}],"replies":[{"embeddable":true,"href":"https:\/\/europar.pt\/en\/wp-json\/wp\/v2\/comments?post=640"}],"version-history":[{"count":1,"href":"https:\/\/europar.pt\/en\/wp-json\/wp\/v2\/posts\/640\/revisions"}],"predecessor-version":[{"id":643,"href":"https:\/\/europar.pt\/en\/wp-json\/wp\/v2\/posts\/640\/revisions\/643"}],"wp:featuredmedia":[{"embeddable":true,"href":"https:\/\/europar.pt\/en\/wp-json\/wp\/v2\/media\/642"}],"wp:attachment":[{"href":"https:\/\/europar.pt\/en\/wp-json\/wp\/v2\/media?parent=640"}],"wp:term":[{"taxonomy":"category","embeddable":true,"href":"https:\/\/europar.pt\/en\/wp-json\/wp\/v2\/categories?post=640"},{"taxonomy":"post_tag","embeddable":true,"href":"https:\/\/europar.pt\/en\/wp-json\/wp\/v2\/tags?post=640"}],"curies":[{"name":"wp","href":"https:\/\/api.w.org\/{rel}","templated":true}]}}